{"id":16754,"date":"2024-03-01T07:42:56","date_gmt":"2024-03-01T06:42:56","guid":{"rendered":"https:\/\/www.sylvefruit.fr\/pepiniere\/?p=16754"},"modified":"2024-09-26T13:09:11","modified_gmt":"2024-09-26T11:09:11","slug":"les-nouvelles-de-la-fin-de-saison-2023-24","status":"publish","type":"post","link":"https:\/\/www.sylvefruit.fr\/pepiniere\/la-pepiniere\/les-nouvelles-de-la-fin-de-saison-2023-24\/","title":{"rendered":"Les nouvelles de la fin de saison 2023\/24"},"content":{"rendered":"<div>Il est encore temps de planter\u00a0! Les ventes continuent <b>jusqu\u2019au 30 mars 2024<\/b>. <a href=\"https:\/\/www.sylvefruit.fr\/pepiniere\/catalogue-sylve-fruit\/\">Rendez-vous sur notre catalogue en ligne,<\/a> le stock est actualis\u00e9 en temps r\u00e9el.<\/div>\n<div><b><br \/>\nR<\/b><b>emise de 10%<\/b> pour toute commande pass\u00e9e entre le 10 f\u00e9vrier et le 30 mars<\/div>\n<div><\/div>\n<div>\n<div>\n<div>Une question ? Une remarque ? Un conseil ?<\/div>\n<div>Nous nous tenons \u00e0 votre disposition pour toute demande concernant vos plantations. N\u2019h\u00e9sitez pas \u00e0 <a href=\"mailto:contact@sylvefruit.fr\" target=\"_new\" rel=\"noopener\">nous contacter<\/a>.<\/div>\n<\/div>\n<div><\/div>\n<\/div>\n","protected":false},"excerpt":{"rendered":"<p>Il est encore temps de planter\u00a0! Les ventes continuent jusqu\u2019au 30 mars 2024. Rendez-vous sur notre catalogue en ligne, le stock est actualis\u00e9 en temps r\u00e9el. Remise de 10% pour &hellip; <a class=\"kt-excerpt-readmore more-link\" href=\"https:\/\/www.sylvefruit.fr\/pepiniere\/la-pepiniere\/les-nouvelles-de-la-fin-de-saison-2023-24\/\">Lire plus<\/a><\/p>\n","protected":false},"author":3,"featured_media":19989,"comment_status":"closed","ping_status":"closed","sticky":false,"template":"","format":"standard","meta":{"footnotes":""},"categories":[16],"tags":[],"class_list":["post-16754","post","type-post","status-publish","format-standard","has-post-thumbnail","hentry","category-la-pepiniere"],"yoast_head":"<!-- This site is optimized with the Yoast SEO plugin v27.5 - https:\/\/yoast.com\/product\/yoast-seo-wordpress\/ -->\n<title>Les nouvelles de la fin de saison 2023\/24 &#8212; Sylve &amp; Fruit<\/title>\n<meta name=\"robots\" content=\"index, follow, max-snippet:-1, max-image-preview:large, max-video-preview:-1\" \/>\n<link rel=\"canonical\" href=\"https:\/\/www.sylvefruit.fr\/pepiniere\/la-pepiniere\/les-nouvelles-de-la-fin-de-saison-2023-24\/\" \/>\n<meta property=\"og:locale\" content=\"fr_FR\" \/>\n<meta property=\"og:type\" content=\"article\" \/>\n<meta property=\"og:title\" content=\"Les nouvelles de la fin de saison 2023\/24 &#8212; Sylve &amp; Fruit\" \/>\n<meta property=\"og:description\" content=\"Il est encore temps de planter\u00a0! Les ventes continuent jusqu\u2019au 30 mars 2024. Rendez-vous sur notre catalogue en ligne, le stock est actualis\u00e9 en temps r\u00e9el. Remise de 10% pour &hellip; Lire plus\" \/>\n<meta property=\"og:url\" content=\"https:\/\/www.sylvefruit.fr\/pepiniere\/la-pepiniere\/les-nouvelles-de-la-fin-de-saison-2023-24\/\" \/>\n<meta property=\"og:site_name\" content=\"Sylve &amp; Fruit\" \/>\n<meta property=\"article:publisher\" content=\"https:\/\/www.facebook.com\/sylvefruit\/\" \/>\n<meta property=\"article:published_time\" content=\"2024-03-01T06:42:56+00:00\" \/>\n<meta property=\"article:modified_time\" content=\"2024-09-26T11:09:11+00:00\" \/>\n<meta property=\"og:image\" content=\"https:\/\/www.sylvefruit.fr\/pepiniere\/wp-content\/uploads\/2024\/03\/IMG_5784-scaled.jpg\" \/>\n\t<meta property=\"og:image:width\" content=\"2560\" \/>\n\t<meta property=\"og:image:height\" content=\"1920\" \/>\n\t<meta property=\"og:image:type\" content=\"image\/jpeg\" \/>\n<meta name=\"author\" content=\"Sylve Fruit\" \/>\n<meta name=\"twitter:card\" content=\"summary_large_image\" \/>\n<meta name=\"twitter:label1\" content=\"\u00c9crit par\" \/>\n\t<meta name=\"twitter:data1\" content=\"Sylve Fruit\" \/>\n\t<meta name=\"twitter:label2\" content=\"Dur\u00e9e de lecture estim\u00e9e\" \/>\n\t<meta name=\"twitter:data2\" content=\"1 minute\" \/>\n<script type=\"application\/ld+json\" class=\"yoast-schema-graph\">{\"@context\":\"https:\\\/\\\/schema.org\",\"@graph\":[{\"@type\":\"Article\",\"@id\":\"https:\\\/\\\/www.sylvefruit.fr\\\/pepiniere\\\/la-pepiniere\\\/les-nouvelles-de-la-fin-de-saison-2023-24\\\/#article\",\"isPartOf\":{\"@id\":\"https:\\\/\\\/www.sylvefruit.fr\\\/pepiniere\\\/la-pepiniere\\\/les-nouvelles-de-la-fin-de-saison-2023-24\\\/\"},\"author\":{\"name\":\"Sylve Fruit\",\"@id\":\"https:\\\/\\\/www.sylvefruit.fr\\\/pepiniere\\\/#\\\/schema\\\/person\\\/1e6609d3436c473b2480941b535eeaec\"},\"headline\":\"Les nouvelles de la fin de saison 2023\\\/24\",\"datePublished\":\"2024-03-01T06:42:56+00:00\",\"dateModified\":\"2024-09-26T11:09:11+00:00\",\"mainEntityOfPage\":{\"@id\":\"https:\\\/\\\/www.sylvefruit.fr\\\/pepiniere\\\/la-pepiniere\\\/les-nouvelles-de-la-fin-de-saison-2023-24\\\/\"},\"wordCount\":71,\"publisher\":{\"@id\":\"https:\\\/\\\/www.sylvefruit.fr\\\/pepiniere\\\/#organization\"},\"image\":{\"@id\":\"https:\\\/\\\/www.sylvefruit.fr\\\/pepiniere\\\/la-pepiniere\\\/les-nouvelles-de-la-fin-de-saison-2023-24\\\/#primaryimage\"},\"thumbnailUrl\":\"https:\\\/\\\/www.sylvefruit.fr\\\/pepiniere\\\/wp-content\\\/uploads\\\/2024\\\/03\\\/IMG_5784-scaled.jpg\",\"articleSection\":[\"La p\u00e9pini\u00e8re\"],\"inLanguage\":\"fr-FR\"},{\"@type\":\"WebPage\",\"@id\":\"https:\\\/\\\/www.sylvefruit.fr\\\/pepiniere\\\/la-pepiniere\\\/les-nouvelles-de-la-fin-de-saison-2023-24\\\/\",\"url\":\"https:\\\/\\\/www.sylvefruit.fr\\\/pepiniere\\\/la-pepiniere\\\/les-nouvelles-de-la-fin-de-saison-2023-24\\\/\",\"name\":\"Les nouvelles de la fin de saison 2023\\\/24 &#8212; Sylve &amp; Fruit\",\"isPartOf\":{\"@id\":\"https:\\\/\\\/www.sylvefruit.fr\\\/pepiniere\\\/#website\"},\"primaryImageOfPage\":{\"@id\":\"https:\\\/\\\/www.sylvefruit.fr\\\/pepiniere\\\/la-pepiniere\\\/les-nouvelles-de-la-fin-de-saison-2023-24\\\/#primaryimage\"},\"image\":{\"@id\":\"https:\\\/\\\/www.sylvefruit.fr\\\/pepiniere\\\/la-pepiniere\\\/les-nouvelles-de-la-fin-de-saison-2023-24\\\/#primaryimage\"},\"thumbnailUrl\":\"https:\\\/\\\/www.sylvefruit.fr\\\/pepiniere\\\/wp-content\\\/uploads\\\/2024\\\/03\\\/IMG_5784-scaled.jpg\",\"datePublished\":\"2024-03-01T06:42:56+00:00\",\"dateModified\":\"2024-09-26T11:09:11+00:00\",\"breadcrumb\":{\"@id\":\"https:\\\/\\\/www.sylvefruit.fr\\\/pepiniere\\\/la-pepiniere\\\/les-nouvelles-de-la-fin-de-saison-2023-24\\\/#breadcrumb\"},\"inLanguage\":\"fr-FR\",\"potentialAction\":[{\"@type\":\"ReadAction\",\"target\":[\"https:\\\/\\\/www.sylvefruit.fr\\\/pepiniere\\\/la-pepiniere\\\/les-nouvelles-de-la-fin-de-saison-2023-24\\\/\"]}]},{\"@type\":\"ImageObject\",\"inLanguage\":\"fr-FR\",\"@id\":\"https:\\\/\\\/www.sylvefruit.fr\\\/pepiniere\\\/la-pepiniere\\\/les-nouvelles-de-la-fin-de-saison-2023-24\\\/#primaryimage\",\"url\":\"https:\\\/\\\/www.sylvefruit.fr\\\/pepiniere\\\/wp-content\\\/uploads\\\/2024\\\/03\\\/IMG_5784-scaled.jpg\",\"contentUrl\":\"https:\\\/\\\/www.sylvefruit.fr\\\/pepiniere\\\/wp-content\\\/uploads\\\/2024\\\/03\\\/IMG_5784-scaled.jpg\",\"width\":2560,\"height\":1920},{\"@type\":\"BreadcrumbList\",\"@id\":\"https:\\\/\\\/www.sylvefruit.fr\\\/pepiniere\\\/la-pepiniere\\\/les-nouvelles-de-la-fin-de-saison-2023-24\\\/#breadcrumb\",\"itemListElement\":[{\"@type\":\"ListItem\",\"position\":1,\"name\":\"Accueil\",\"item\":\"https:\\\/\\\/www.sylvefruit.fr\\\/pepiniere\\\/\"},{\"@type\":\"ListItem\",\"position\":2,\"name\":\"Les nouvelles de la fin de saison 2023\\\/24\"}]},{\"@type\":\"WebSite\",\"@id\":\"https:\\\/\\\/www.sylvefruit.fr\\\/pepiniere\\\/#website\",\"url\":\"https:\\\/\\\/www.sylvefruit.fr\\\/pepiniere\\\/\",\"name\":\"Sylve & Fruit\",\"description\":\"P\u00e9pini\u00e8re fruiti\u00e8re d&#039;altitude en Is\u00e8re\",\"publisher\":{\"@id\":\"https:\\\/\\\/www.sylvefruit.fr\\\/pepiniere\\\/#organization\"},\"potentialAction\":[{\"@type\":\"SearchAction\",\"target\":{\"@type\":\"EntryPoint\",\"urlTemplate\":\"https:\\\/\\\/www.sylvefruit.fr\\\/pepiniere\\\/?s={search_term_string}\"},\"query-input\":{\"@type\":\"PropertyValueSpecification\",\"valueRequired\":true,\"valueName\":\"search_term_string\"}}],\"inLanguage\":\"fr-FR\"},{\"@type\":\"Organization\",\"@id\":\"https:\\\/\\\/www.sylvefruit.fr\\\/pepiniere\\\/#organization\",\"name\":\"Sylve & Fruit\",\"url\":\"https:\\\/\\\/www.sylvefruit.fr\\\/pepiniere\\\/\",\"logo\":{\"@type\":\"ImageObject\",\"inLanguage\":\"fr-FR\",\"@id\":\"https:\\\/\\\/www.sylvefruit.fr\\\/pepiniere\\\/#\\\/schema\\\/logo\\\/image\\\/\",\"url\":\"https:\\\/\\\/www.sylvefruit.fr\\\/pepiniere\\\/wp-content\\\/uploads\\\/2024\\\/09\\\/logo.jpg\",\"contentUrl\":\"https:\\\/\\\/www.sylvefruit.fr\\\/pepiniere\\\/wp-content\\\/uploads\\\/2024\\\/09\\\/logo.jpg\",\"width\":1420,\"height\":324,\"caption\":\"Sylve & Fruit\"},\"image\":{\"@id\":\"https:\\\/\\\/www.sylvefruit.fr\\\/pepiniere\\\/#\\\/schema\\\/logo\\\/image\\\/\"},\"sameAs\":[\"https:\\\/\\\/www.facebook.com\\\/sylvefruit\\\/\"]},{\"@type\":\"Person\",\"@id\":\"https:\\\/\\\/www.sylvefruit.fr\\\/pepiniere\\\/#\\\/schema\\\/person\\\/1e6609d3436c473b2480941b535eeaec\",\"name\":\"Sylve Fruit\",\"image\":{\"@type\":\"ImageObject\",\"inLanguage\":\"fr-FR\",\"@id\":\"https:\\\/\\\/secure.gravatar.com\\\/avatar\\\/dbf8dd7962f4f664f0cad4f68eb918c0cd743369fc46118844cfec8c66472e3a?s=96&d=mm&r=g\",\"url\":\"https:\\\/\\\/secure.gravatar.com\\\/avatar\\\/dbf8dd7962f4f664f0cad4f68eb918c0cd743369fc46118844cfec8c66472e3a?s=96&d=mm&r=g\",\"contentUrl\":\"https:\\\/\\\/secure.gravatar.com\\\/avatar\\\/dbf8dd7962f4f664f0cad4f68eb918c0cd743369fc46118844cfec8c66472e3a?s=96&d=mm&r=g\",\"caption\":\"Sylve Fruit\"}}]}<\/script>\n<!-- \/ Yoast SEO plugin. -->","yoast_head_json":{"title":"Les nouvelles de la fin de saison 2023\/24 &#8212; Sylve &amp; Fruit","robots":{"index":"index","follow":"follow","max-snippet":"max-snippet:-1","max-image-preview":"max-image-preview:large","max-video-preview":"max-video-preview:-1"},"canonical":"https:\/\/www.sylvefruit.fr\/pepiniere\/la-pepiniere\/les-nouvelles-de-la-fin-de-saison-2023-24\/","og_locale":"fr_FR","og_type":"article","og_title":"Les nouvelles de la fin de saison 2023\/24 &#8212; Sylve &amp; Fruit","og_description":"Il est encore temps de planter\u00a0! Les ventes continuent jusqu\u2019au 30 mars 2024. Rendez-vous sur notre catalogue en ligne, le stock est actualis\u00e9 en temps r\u00e9el. Remise de 10% pour &hellip; Lire plus","og_url":"https:\/\/www.sylvefruit.fr\/pepiniere\/la-pepiniere\/les-nouvelles-de-la-fin-de-saison-2023-24\/","og_site_name":"Sylve &amp; Fruit","article_publisher":"https:\/\/www.facebook.com\/sylvefruit\/","article_published_time":"2024-03-01T06:42:56+00:00","article_modified_time":"2024-09-26T11:09:11+00:00","og_image":[{"width":2560,"height":1920,"url":"https:\/\/www.sylvefruit.fr\/pepiniere\/wp-content\/uploads\/2024\/03\/IMG_5784-scaled.jpg","type":"image\/jpeg"}],"author":"Sylve Fruit","twitter_card":"summary_large_image","twitter_misc":{"\u00c9crit par":"Sylve Fruit","Dur\u00e9e de lecture estim\u00e9e":"1 minute"},"schema":{"@context":"https:\/\/schema.org","@graph":[{"@type":"Article","@id":"https:\/\/www.sylvefruit.fr\/pepiniere\/la-pepiniere\/les-nouvelles-de-la-fin-de-saison-2023-24\/#article","isPartOf":{"@id":"https:\/\/www.sylvefruit.fr\/pepiniere\/la-pepiniere\/les-nouvelles-de-la-fin-de-saison-2023-24\/"},"author":{"name":"Sylve Fruit","@id":"https:\/\/www.sylvefruit.fr\/pepiniere\/#\/schema\/person\/1e6609d3436c473b2480941b535eeaec"},"headline":"Les nouvelles de la fin de saison 2023\/24","datePublished":"2024-03-01T06:42:56+00:00","dateModified":"2024-09-26T11:09:11+00:00","mainEntityOfPage":{"@id":"https:\/\/www.sylvefruit.fr\/pepiniere\/la-pepiniere\/les-nouvelles-de-la-fin-de-saison-2023-24\/"},"wordCount":71,"publisher":{"@id":"https:\/\/www.sylvefruit.fr\/pepiniere\/#organization"},"image":{"@id":"https:\/\/www.sylvefruit.fr\/pepiniere\/la-pepiniere\/les-nouvelles-de-la-fin-de-saison-2023-24\/#primaryimage"},"thumbnailUrl":"https:\/\/www.sylvefruit.fr\/pepiniere\/wp-content\/uploads\/2024\/03\/IMG_5784-scaled.jpg","articleSection":["La p\u00e9pini\u00e8re"],"inLanguage":"fr-FR"},{"@type":"WebPage","@id":"https:\/\/www.sylvefruit.fr\/pepiniere\/la-pepiniere\/les-nouvelles-de-la-fin-de-saison-2023-24\/","url":"https:\/\/www.sylvefruit.fr\/pepiniere\/la-pepiniere\/les-nouvelles-de-la-fin-de-saison-2023-24\/","name":"Les nouvelles de la fin de saison 2023\/24 &#8212; Sylve &amp; Fruit","isPartOf":{"@id":"https:\/\/www.sylvefruit.fr\/pepiniere\/#website"},"primaryImageOfPage":{"@id":"https:\/\/www.sylvefruit.fr\/pepiniere\/la-pepiniere\/les-nouvelles-de-la-fin-de-saison-2023-24\/#primaryimage"},"image":{"@id":"https:\/\/www.sylvefruit.fr\/pepiniere\/la-pepiniere\/les-nouvelles-de-la-fin-de-saison-2023-24\/#primaryimage"},"thumbnailUrl":"https:\/\/www.sylvefruit.fr\/pepiniere\/wp-content\/uploads\/2024\/03\/IMG_5784-scaled.jpg","datePublished":"2024-03-01T06:42:56+00:00","dateModified":"2024-09-26T11:09:11+00:00","breadcrumb":{"@id":"https:\/\/www.sylvefruit.fr\/pepiniere\/la-pepiniere\/les-nouvelles-de-la-fin-de-saison-2023-24\/#breadcrumb"},"inLanguage":"fr-FR","potentialAction":[{"@type":"ReadAction","target":["https:\/\/www.sylvefruit.fr\/pepiniere\/la-pepiniere\/les-nouvelles-de-la-fin-de-saison-2023-24\/"]}]},{"@type":"ImageObject","inLanguage":"fr-FR","@id":"https:\/\/www.sylvefruit.fr\/pepiniere\/la-pepiniere\/les-nouvelles-de-la-fin-de-saison-2023-24\/#primaryimage","url":"https:\/\/www.sylvefruit.fr\/pepiniere\/wp-content\/uploads\/2024\/03\/IMG_5784-scaled.jpg","contentUrl":"https:\/\/www.sylvefruit.fr\/pepiniere\/wp-content\/uploads\/2024\/03\/IMG_5784-scaled.jpg","width":2560,"height":1920},{"@type":"BreadcrumbList","@id":"https:\/\/www.sylvefruit.fr\/pepiniere\/la-pepiniere\/les-nouvelles-de-la-fin-de-saison-2023-24\/#breadcrumb","itemListElement":[{"@type":"ListItem","position":1,"name":"Accueil","item":"https:\/\/www.sylvefruit.fr\/pepiniere\/"},{"@type":"ListItem","position":2,"name":"Les nouvelles de la fin de saison 2023\/24"}]},{"@type":"WebSite","@id":"https:\/\/www.sylvefruit.fr\/pepiniere\/#website","url":"https:\/\/www.sylvefruit.fr\/pepiniere\/","name":"Sylve & Fruit","description":"P\u00e9pini\u00e8re fruiti\u00e8re d&#039;altitude en Is\u00e8re","publisher":{"@id":"https:\/\/www.sylvefruit.fr\/pepiniere\/#organization"},"potentialAction":[{"@type":"SearchAction","target":{"@type":"EntryPoint","urlTemplate":"https:\/\/www.sylvefruit.fr\/pepiniere\/?s={search_term_string}"},"query-input":{"@type":"PropertyValueSpecification","valueRequired":true,"valueName":"search_term_string"}}],"inLanguage":"fr-FR"},{"@type":"Organization","@id":"https:\/\/www.sylvefruit.fr\/pepiniere\/#organization","name":"Sylve & Fruit","url":"https:\/\/www.sylvefruit.fr\/pepiniere\/","logo":{"@type":"ImageObject","inLanguage":"fr-FR","@id":"https:\/\/www.sylvefruit.fr\/pepiniere\/#\/schema\/logo\/image\/","url":"https:\/\/www.sylvefruit.fr\/pepiniere\/wp-content\/uploads\/2024\/09\/logo.jpg","contentUrl":"https:\/\/www.sylvefruit.fr\/pepiniere\/wp-content\/uploads\/2024\/09\/logo.jpg","width":1420,"height":324,"caption":"Sylve & Fruit"},"image":{"@id":"https:\/\/www.sylvefruit.fr\/pepiniere\/#\/schema\/logo\/image\/"},"sameAs":["https:\/\/www.facebook.com\/sylvefruit\/"]},{"@type":"Person","@id":"https:\/\/www.sylvefruit.fr\/pepiniere\/#\/schema\/person\/1e6609d3436c473b2480941b535eeaec","name":"Sylve Fruit","image":{"@type":"ImageObject","inLanguage":"fr-FR","@id":"https:\/\/secure.gravatar.com\/avatar\/dbf8dd7962f4f664f0cad4f68eb918c0cd743369fc46118844cfec8c66472e3a?s=96&d=mm&r=g","url":"https:\/\/secure.gravatar.com\/avatar\/dbf8dd7962f4f664f0cad4f68eb918c0cd743369fc46118844cfec8c66472e3a?s=96&d=mm&r=g","contentUrl":"https:\/\/secure.gravatar.com\/avatar\/dbf8dd7962f4f664f0cad4f68eb918c0cd743369fc46118844cfec8c66472e3a?s=96&d=mm&r=g","caption":"Sylve Fruit"}}]}},"_links":{"self":[{"href":"https:\/\/www.sylvefruit.fr\/pepiniere\/wp-json\/wp\/v2\/posts\/16754","targetHints":{"allow":["GET"]}}],"collection":[{"href":"https:\/\/www.sylvefruit.fr\/pepiniere\/wp-json\/wp\/v2\/posts"}],"about":[{"href":"https:\/\/www.sylvefruit.fr\/pepiniere\/wp-json\/wp\/v2\/types\/post"}],"author":[{"embeddable":true,"href":"https:\/\/www.sylvefruit.fr\/pepiniere\/wp-json\/wp\/v2\/users\/3"}],"replies":[{"embeddable":true,"href":"https:\/\/www.sylvefruit.fr\/pepiniere\/wp-json\/wp\/v2\/comments?post=16754"}],"version-history":[{"count":4,"href":"https:\/\/www.sylvefruit.fr\/pepiniere\/wp-json\/wp\/v2\/posts\/16754\/revisions"}],"predecessor-version":[{"id":18168,"href":"https:\/\/www.sylvefruit.fr\/pepiniere\/wp-json\/wp\/v2\/posts\/16754\/revisions\/18168"}],"wp:featuredmedia":[{"embeddable":true,"href":"https:\/\/www.sylvefruit.fr\/pepiniere\/wp-json\/wp\/v2\/media\/19989"}],"wp:attachment":[{"href":"https:\/\/www.sylvefruit.fr\/pepiniere\/wp-json\/wp\/v2\/media?parent=16754"}],"wp:term":[{"taxonomy":"category","embeddable":true,"href":"https:\/\/www.sylvefruit.fr\/pepiniere\/wp-json\/wp\/v2\/categories?post=16754"},{"taxonomy":"post_tag","embeddable":true,"href":"https:\/\/www.sylvefruit.fr\/pepiniere\/wp-json\/wp\/v2\/tags?post=16754"}],"curies":[{"name":"wp","href":"https:\/\/api.w.org\/{rel}","templated":true}]}}