{"id":10173,"count":0,"description":"Le <strong>myrtillier arbustif<\/strong> est un petit arbuste originaire d'Am\u00e9rique du Nord, \u00e0 ne pas confondre avec notre myrtillier europ\u00e9en. Il peut atteindre une <strong>hauteur de 2 m\u00e8tres<\/strong> selon la vari\u00e9t\u00e9. Ses rameaux portent une multitude de fleurs blanches en mai\/juin, qui se transformeront en <strong>d\u00e9licieuses baies rondes <\/strong>vers la fin de l'\u00e9t\u00e9. Il est \u00e9galement int\u00e9ressant pour sa<strong> floraison mellif\u00e8re<\/strong> et son feuillage se teintant de <strong>belles couleurs rouge cuivr\u00e9<\/strong> \u00e0 l'automne. Tr\u00e8s rustique et de croissance rapide, il se plaira dans les<strong> sols acides, l\u00e9gers et fertiles<\/strong>.\r\n\r\n<hr \/>\r\n\r\nCet arbuste n'est que <strong>partiellement autofertile<\/strong>. Pour obtenir une bonne production, nous vous recommandons d'associer <strong>au moins deux vari\u00e9t\u00e9s diff\u00e9rentes<\/strong>.\r\n\r\n[product_table id=\"23111\"\u00a0 grab_and_scroll=\"true\" category=\"myrtillier\" hide_empty_columns=\"true\" limits=\"100\" ]","link":"https:\/\/www.sylvefruit.fr\/pepiniere\/categorie-produit\/petits-fruits\/myrtillier\/","name":"myrtillier","slug":"myrtillier","taxonomy":"product_cat","parent":4518,"meta":[],"menu_order":0,"yoast_head":"<!-- This site is optimized with the Yoast SEO plugin v28.4 - https:\/\/yoast.com\/product\/yoast-seo-wordpress\/ -->\n<title>myrtillier &#8212; Sylve &amp; Fruit<\/title>\n<meta name=\"robots\" content=\"index, follow, max-snippet:-1, max-image-preview:large, max-video-preview:-1\" \/>\n<link rel=\"canonical\" href=\"https:\/\/www.sylvefruit.fr\/pepiniere\/categorie-produit\/petits-fruits\/myrtillier\/\" \/>\n<meta property=\"og:locale\" content=\"fr_FR\" \/>\n<meta property=\"og:type\" content=\"article\" \/>\n<meta property=\"og:title\" content=\"myrtillier &#8212; Sylve &amp; Fruit\" \/>\n<meta property=\"og:description\" content=\"Le myrtillier arbustif est un petit arbuste originaire d&rsquo;Am\u00e9rique du Nord, \u00e0 ne pas confondre avec notre myrtillier europ\u00e9en. Il peut atteindre une hauteur de 2 m\u00e8tres selon la vari\u00e9t\u00e9. Ses rameaux portent une multitude de fleurs blanches en mai\/juin, qui se transformeront en d\u00e9licieuses baies rondes vers la fin de l&rsquo;\u00e9t\u00e9. Il est \u00e9galement int\u00e9ressant pour sa floraison mellif\u00e8re et son feuillage se teintant de belles couleurs rouge cuivr\u00e9 \u00e0 l&rsquo;automne. Tr\u00e8s rustique et de croissance rapide, il se plaira dans les sols acides, l\u00e9gers et fertiles. Cet arbuste n&rsquo;est que partiellement autofertile. Pour obtenir une bonne production, nous vous recommandons d&rsquo;associer au moins deux vari\u00e9t\u00e9s diff\u00e9rentes.                         cacher les produits non disponibles         usage                       \u00e0 cuire                     aromate                     cidre                     apte \u00e0 la cong\u00e9lation                     apte \u00e0 la conservation                     fruit \u00e0 distiller                     jus                     salade                     sans inter\u00eat                     saumure                     aptitude au s\u00e9chage                     Fruit de table                     fruit bon \u00e0 transformer                     vin                     #N\/A                     tranfo                     Valeur(s) de l\u2019attribut 15                Climat                      #N\/A                     recommand\u00e9 pour une altitude sup\u00e9rieure \u00e0 1000 m                     recommand\u00e9 pour la moyenne montagne, jusqu&#039;\u00e0 une altitude maximale de 1000m                     recommand\u00e9 pour la plaine jusqu&#039;\u00e0 une altitude maximale de 400m                pollinisation                      partiellement autofertile                     allogame                     autofertile                     parth\u00e9nocarpique                     triplo\u00efde                     #N\/A                     autofertile                     dio\u00efque                                          Filtres       Trier les r\u00e9sultats          Rafra\u00eechir        Appliquer                        No results found. Clear filters and try again?\" \/>\n<meta property=\"og:url\" content=\"https:\/\/www.sylvefruit.fr\/pepiniere\/categorie-produit\/petits-fruits\/myrtillier\/\" \/>\n<meta property=\"og:site_name\" content=\"Sylve &amp; Fruit\" \/>\n<meta name=\"twitter:card\" content=\"summary_large_image\" \/>\n<script type=\"application\/ld+json\" class=\"yoast-schema-graph\">{\"@context\":\"https:\\\/\\\/schema.org\",\"@graph\":[{\"@type\":\"CollectionPage\",\"@id\":\"https:\\\/\\\/www.sylvefruit.fr\\\/pepiniere\\\/categorie-produit\\\/petits-fruits\\\/myrtillier\\\/\",\"url\":\"https:\\\/\\\/www.sylvefruit.fr\\\/pepiniere\\\/categorie-produit\\\/petits-fruits\\\/myrtillier\\\/\",\"name\":\"myrtillier &#8212; Sylve &amp; Fruit\",\"isPartOf\":{\"@id\":\"https:\\\/\\\/www.sylvefruit.fr\\\/pepiniere\\\/#website\"},\"breadcrumb\":{\"@id\":\"https:\\\/\\\/www.sylvefruit.fr\\\/pepiniere\\\/categorie-produit\\\/petits-fruits\\\/myrtillier\\\/#breadcrumb\"},\"inLanguage\":\"fr-FR\"},{\"@type\":\"BreadcrumbList\",\"@id\":\"https:\\\/\\\/www.sylvefruit.fr\\\/pepiniere\\\/categorie-produit\\\/petits-fruits\\\/myrtillier\\\/#breadcrumb\",\"itemListElement\":[{\"@type\":\"ListItem\",\"position\":1,\"name\":\"Accueil\",\"item\":\"https:\\\/\\\/www.sylvefruit.fr\\\/pepiniere\\\/\"},{\"@type\":\"ListItem\",\"position\":2,\"name\":\"Petits fruits\",\"item\":\"https:\\\/\\\/www.sylvefruit.fr\\\/pepiniere\\\/categorie-produit\\\/petits-fruits\\\/\"},{\"@type\":\"ListItem\",\"position\":3,\"name\":\"myrtillier\"}]},{\"@type\":\"WebSite\",\"@id\":\"https:\\\/\\\/www.sylvefruit.fr\\\/pepiniere\\\/#website\",\"url\":\"https:\\\/\\\/www.sylvefruit.fr\\\/pepiniere\\\/\",\"name\":\"Sylve & Fruit\",\"description\":\"P\u00e9pini\u00e8re fruiti\u00e8re d&#039;altitude en Is\u00e8re\",\"publisher\":{\"@id\":\"https:\\\/\\\/www.sylvefruit.fr\\\/pepiniere\\\/#organization\"},\"potentialAction\":[{\"@type\":\"SearchAction\",\"target\":{\"@type\":\"EntryPoint\",\"urlTemplate\":\"https:\\\/\\\/www.sylvefruit.fr\\\/pepiniere\\\/?s={search_term_string}\"},\"query-input\":{\"@type\":\"PropertyValueSpecification\",\"valueRequired\":true,\"valueName\":\"search_term_string\"}}],\"inLanguage\":\"fr-FR\"},{\"@type\":\"Organization\",\"@id\":\"https:\\\/\\\/www.sylvefruit.fr\\\/pepiniere\\\/#organization\",\"name\":\"Sylve & Fruit\",\"alternateName\":\"P\u00e9pini\u00e8re Sylve & Fruit\",\"url\":\"https:\\\/\\\/www.sylvefruit.fr\\\/pepiniere\\\/\",\"logo\":{\"@type\":\"ImageObject\",\"inLanguage\":\"fr-FR\",\"@id\":\"https:\\\/\\\/www.sylvefruit.fr\\\/pepiniere\\\/#\\\/schema\\\/logo\\\/image\\\/\",\"url\":\"https:\\\/\\\/www.sylvefruit.fr\\\/pepiniere\\\/wp-content\\\/uploads\\\/2024\\\/09\\\/logo.jpg\",\"contentUrl\":\"https:\\\/\\\/www.sylvefruit.fr\\\/pepiniere\\\/wp-content\\\/uploads\\\/2024\\\/09\\\/logo.jpg\",\"width\":1420,\"height\":324,\"caption\":\"Sylve & Fruit\"},\"image\":{\"@id\":\"https:\\\/\\\/www.sylvefruit.fr\\\/pepiniere\\\/#\\\/schema\\\/logo\\\/image\\\/\"},\"sameAs\":[\"https:\\\/\\\/www.facebook.com\\\/sylvefruit\\\/\"]}]}<\/script>\n<!-- \/ Yoast SEO plugin. -->","yoast_head_json":{"title":"myrtillier &#8212; Sylve &amp; Fruit","robots":{"index":"index","follow":"follow","max-snippet":"max-snippet:-1","max-image-preview":"max-image-preview:large","max-video-preview":"max-video-preview:-1"},"canonical":"https:\/\/www.sylvefruit.fr\/pepiniere\/categorie-produit\/petits-fruits\/myrtillier\/","og_locale":"fr_FR","og_type":"article","og_title":"myrtillier &#8212; Sylve &amp; Fruit","og_description":"Le myrtillier arbustif est un petit arbuste originaire d&rsquo;Am\u00e9rique du Nord, \u00e0 ne pas confondre avec notre myrtillier europ\u00e9en. Il peut atteindre une hauteur de 2 m\u00e8tres selon la vari\u00e9t\u00e9. Ses rameaux portent une multitude de fleurs blanches en mai\/juin, qui se transformeront en d\u00e9licieuses baies rondes vers la fin de l&rsquo;\u00e9t\u00e9. Il est \u00e9galement int\u00e9ressant pour sa floraison mellif\u00e8re et son feuillage se teintant de belles couleurs rouge cuivr\u00e9 \u00e0 l&rsquo;automne. Tr\u00e8s rustique et de croissance rapide, il se plaira dans les sols acides, l\u00e9gers et fertiles. Cet arbuste n&rsquo;est que partiellement autofertile. Pour obtenir une bonne production, nous vous recommandons d&rsquo;associer au moins deux vari\u00e9t\u00e9s diff\u00e9rentes.                         cacher les produits non disponibles         usage                       \u00e0 cuire                     aromate                     cidre                     apte \u00e0 la cong\u00e9lation                     apte \u00e0 la conservation                     fruit \u00e0 distiller                     jus                     salade                     sans inter\u00eat                     saumure                     aptitude au s\u00e9chage                     Fruit de table                     fruit bon \u00e0 transformer                     vin                     #N\/A                     tranfo                     Valeur(s) de l\u2019attribut 15                Climat                      #N\/A                     recommand\u00e9 pour une altitude sup\u00e9rieure \u00e0 1000 m                     recommand\u00e9 pour la moyenne montagne, jusqu'\u00e0 une altitude maximale de 1000m                     recommand\u00e9 pour la plaine jusqu'\u00e0 une altitude maximale de 400m                pollinisation                      partiellement autofertile                     allogame                     autofertile                     parth\u00e9nocarpique                     triplo\u00efde                     #N\/A                     autofertile                     dio\u00efque                                          Filtres       Trier les r\u00e9sultats          Rafra\u00eechir        Appliquer                        No results found. Clear filters and try again?","og_url":"https:\/\/www.sylvefruit.fr\/pepiniere\/categorie-produit\/petits-fruits\/myrtillier\/","og_site_name":"Sylve &amp; Fruit","twitter_card":"summary_large_image","schema":{"@context":"https:\/\/schema.org","@graph":[{"@type":"CollectionPage","@id":"https:\/\/www.sylvefruit.fr\/pepiniere\/categorie-produit\/petits-fruits\/myrtillier\/","url":"https:\/\/www.sylvefruit.fr\/pepiniere\/categorie-produit\/petits-fruits\/myrtillier\/","name":"myrtillier &#8212; Sylve &amp; Fruit","isPartOf":{"@id":"https:\/\/www.sylvefruit.fr\/pepiniere\/#website"},"breadcrumb":{"@id":"https:\/\/www.sylvefruit.fr\/pepiniere\/categorie-produit\/petits-fruits\/myrtillier\/#breadcrumb"},"inLanguage":"fr-FR"},{"@type":"BreadcrumbList","@id":"https:\/\/www.sylvefruit.fr\/pepiniere\/categorie-produit\/petits-fruits\/myrtillier\/#breadcrumb","itemListElement":[{"@type":"ListItem","position":1,"name":"Accueil","item":"https:\/\/www.sylvefruit.fr\/pepiniere\/"},{"@type":"ListItem","position":2,"name":"Petits fruits","item":"https:\/\/www.sylvefruit.fr\/pepiniere\/categorie-produit\/petits-fruits\/"},{"@type":"ListItem","position":3,"name":"myrtillier"}]},{"@type":"WebSite","@id":"https:\/\/www.sylvefruit.fr\/pepiniere\/#website","url":"https:\/\/www.sylvefruit.fr\/pepiniere\/","name":"Sylve & Fruit","description":"P\u00e9pini\u00e8re fruiti\u00e8re d&#039;altitude en Is\u00e8re","publisher":{"@id":"https:\/\/www.sylvefruit.fr\/pepiniere\/#organization"},"potentialAction":[{"@type":"SearchAction","target":{"@type":"EntryPoint","urlTemplate":"https:\/\/www.sylvefruit.fr\/pepiniere\/?s={search_term_string}"},"query-input":{"@type":"PropertyValueSpecification","valueRequired":true,"valueName":"search_term_string"}}],"inLanguage":"fr-FR"},{"@type":"Organization","@id":"https:\/\/www.sylvefruit.fr\/pepiniere\/#organization","name":"Sylve & Fruit","alternateName":"P\u00e9pini\u00e8re Sylve & Fruit","url":"https:\/\/www.sylvefruit.fr\/pepiniere\/","logo":{"@type":"ImageObject","inLanguage":"fr-FR","@id":"https:\/\/www.sylvefruit.fr\/pepiniere\/#\/schema\/logo\/image\/","url":"https:\/\/www.sylvefruit.fr\/pepiniere\/wp-content\/uploads\/2024\/09\/logo.jpg","contentUrl":"https:\/\/www.sylvefruit.fr\/pepiniere\/wp-content\/uploads\/2024\/09\/logo.jpg","width":1420,"height":324,"caption":"Sylve & Fruit"},"image":{"@id":"https:\/\/www.sylvefruit.fr\/pepiniere\/#\/schema\/logo\/image\/"},"sameAs":["https:\/\/www.facebook.com\/sylvefruit\/"]}]}},"_links":{"self":[{"href":"https:\/\/www.sylvefruit.fr\/pepiniere\/wp-json\/wp\/v2\/product_cat\/10173","targetHints":{"allow":["GET"]}}],"collection":[{"href":"https:\/\/www.sylvefruit.fr\/pepiniere\/wp-json\/wp\/v2\/product_cat"}],"about":[{"href":"https:\/\/www.sylvefruit.fr\/pepiniere\/wp-json\/wp\/v2\/taxonomies\/product_cat"}],"up":[{"embeddable":true,"href":"https:\/\/www.sylvefruit.fr\/pepiniere\/wp-json\/wp\/v2\/product_cat\/4518"}],"wp:post_type":[{"href":"https:\/\/www.sylvefruit.fr\/pepiniere\/wp-json\/wp\/v2\/product?product_cat=10173"}],"curies":[{"name":"wp","href":"https:\/\/api.w.org\/{rel}","templated":true}]}}