{"id":4514,"count":27,"description":"Le <strong>pommier<\/strong> est un arbre <strong>rustique<\/strong> et il figure parmi les plus adapt\u00e9s \u00e0 la culture fruiti\u00e8re dans notre r\u00e9gion, en plaine comme en montagne. Cette esp\u00e8ce pr\u00e9sente une grande diversit\u00e9 de vari\u00e9t\u00e9s. Nos s\u00e9lections se portent principalement sur les <strong>vari\u00e9t\u00e9s anciennes et \u00e0 floraison tardive<\/strong>. La plupart ne sont <strong>pas autofertiles<\/strong>, il est n\u00e9cessaire de <strong>planter au moins deux vari\u00e9t\u00e9s<\/strong> de floraison proche. Selon le go\u00fbt et l'usage, vous aurez le choix entre des vari\u00e9t\u00e9s d'\u00e9t\u00e9, d'automne ou d'hiver.\r\n\r\n<hr \/>\r\n\r\n<ul style=\"list-style-type: circle\">\r\n \t<li>Les <strong>pommes d'\u00e9t\u00e9<\/strong> se r\u00e9coltent et se conservent entre ao\u00fbt et octobre.<\/li>\r\n \t<li>Les <strong>pommes d'automne<\/strong> se r\u00e9coltent \u00e0 partir d'octobre et se consomment au maximum jusqu\u2019\u00e0 la fin de l'ann\u00e9e.<\/li>\r\n \t<li>Les <strong>pommes d'hiver<\/strong>, qui se r\u00e9coltent en octobre\/novembre, n\u00e9cessitent une certaine maturation en cave avant consommation, et pourront se consommer jusqu\u2019au printemps suivant.<\/li>\r\n<\/ul>\r\n\r\n<hr \/>\r\n\r\n<span style=\"color: #ff0000\"><strong>CHOIX DU PORTE-GREFFE :\u00a0<\/strong><\/span>\r\n<ul style=\"list-style-type: square\">\r\n \t<li><strong>BIT (pommier franc Bittenfelder)<\/strong> : tout type de sol, bonne r\u00e9sistance au sec, mise \u00e0 fruit lente (6-8 ans)<\/li>\r\n \t<li><strong>M7 (pommier M7)<\/strong> : tout type de sol, r\u00e9sistance au sec moyenne, rapidit\u00e9 de mise \u00e0 fruit moyenne (4-6 ans)<\/li>\r\n<\/ul>\r\n\r\n<hr \/>\r\n\r\n<span style=\"color: #ff0000\"><strong>DISTANCE DE PLANTATION MINIMALE CONSEILL\u00c9E :\u00a0<\/strong><\/span>\r\n<ul style=\"list-style-type: square\">\r\n \t<li>Porte-greffe <strong>BIT<\/strong> : 8-10 m\u00e8tres<\/li>\r\n \t<li>Porte-greffe <strong>M7<\/strong> : 4-5 m\u00e8tres<\/li>\r\n<\/ul>\r\n\r\n<hr \/>\r\n\r\n<a href=\"https:\/\/www.sylvefruit.fr\/pepiniere\/choix-pg-varietes\/\">Consultez ici la page de conseils pour bien choisir vos vari\u00e9t\u00e9s et porte-greffe<\/a>\r\n\r\n<hr \/>\r\n\r\n[product_table id=\"25128\"\u00a0 grab_and_scroll=\"true\" category=\"pommier\" hide_empty_columns=\"true\" limits=\"100\"\u00a0 ]","link":"https:\/\/www.sylvefruit.fr\/pepiniere\/categorie-produit\/arbres-fruitiers\/pommier\/","name":"Pommier","slug":"pommier","taxonomy":"product_cat","parent":4500,"meta":[],"menu_order":0,"yoast_head":"<!-- This site is optimized with the Yoast SEO plugin v27.5 - https:\/\/yoast.com\/product\/yoast-seo-wordpress\/ -->\n<title>Pommier &#8212; Sylve &amp; Fruit<\/title>\n<meta name=\"description\" content=\"Retrouvez toutes nos vari\u00e9t\u00e9s de pommiers, majoritairement \u00e0 floraison tardive, adapt\u00e9s pour une culture en moyenne montagne.\" \/>\n<meta name=\"robots\" content=\"index, follow, max-snippet:-1, max-image-preview:large, max-video-preview:-1\" \/>\n<link rel=\"canonical\" href=\"https:\/\/www.sylvefruit.fr\/pepiniere\/categorie-produit\/arbres-fruitiers\/pommier\/\" \/>\n<meta property=\"og:locale\" content=\"fr_FR\" \/>\n<meta property=\"og:type\" content=\"article\" \/>\n<meta property=\"og:title\" content=\"Pommier &#8212; Sylve &amp; Fruit\" \/>\n<meta property=\"og:description\" content=\"Retrouvez toutes nos vari\u00e9t\u00e9s de pommiers, majoritairement \u00e0 floraison tardive, adapt\u00e9s pour une culture en moyenne montagne.\" \/>\n<meta property=\"og:url\" content=\"https:\/\/www.sylvefruit.fr\/pepiniere\/categorie-produit\/arbres-fruitiers\/pommier\/\" \/>\n<meta property=\"og:site_name\" content=\"Sylve &amp; Fruit\" \/>\n<meta name=\"twitter:card\" content=\"summary_large_image\" \/>\n<script type=\"application\/ld+json\" class=\"yoast-schema-graph\">{\"@context\":\"https:\\\/\\\/schema.org\",\"@graph\":[{\"@type\":\"CollectionPage\",\"@id\":\"https:\\\/\\\/www.sylvefruit.fr\\\/pepiniere\\\/categorie-produit\\\/arbres-fruitiers\\\/pommier\\\/\",\"url\":\"https:\\\/\\\/www.sylvefruit.fr\\\/pepiniere\\\/categorie-produit\\\/arbres-fruitiers\\\/pommier\\\/\",\"name\":\"Pommier &#8212; Sylve &amp; Fruit\",\"isPartOf\":{\"@id\":\"https:\\\/\\\/www.sylvefruit.fr\\\/pepiniere\\\/#website\"},\"description\":\"Retrouvez toutes nos vari\u00e9t\u00e9s de pommiers, majoritairement \u00e0 floraison tardive, adapt\u00e9s pour une culture en moyenne montagne.\",\"breadcrumb\":{\"@id\":\"https:\\\/\\\/www.sylvefruit.fr\\\/pepiniere\\\/categorie-produit\\\/arbres-fruitiers\\\/pommier\\\/#breadcrumb\"},\"inLanguage\":\"fr-FR\"},{\"@type\":\"BreadcrumbList\",\"@id\":\"https:\\\/\\\/www.sylvefruit.fr\\\/pepiniere\\\/categorie-produit\\\/arbres-fruitiers\\\/pommier\\\/#breadcrumb\",\"itemListElement\":[{\"@type\":\"ListItem\",\"position\":1,\"name\":\"Accueil\",\"item\":\"https:\\\/\\\/www.sylvefruit.fr\\\/pepiniere\\\/\"},{\"@type\":\"ListItem\",\"position\":2,\"name\":\"Arbres fruitiers\",\"item\":\"https:\\\/\\\/www.sylvefruit.fr\\\/pepiniere\\\/categorie-produit\\\/arbres-fruitiers\\\/\"},{\"@type\":\"ListItem\",\"position\":3,\"name\":\"Pommier\"}]},{\"@type\":\"WebSite\",\"@id\":\"https:\\\/\\\/www.sylvefruit.fr\\\/pepiniere\\\/#website\",\"url\":\"https:\\\/\\\/www.sylvefruit.fr\\\/pepiniere\\\/\",\"name\":\"Sylve & Fruit\",\"description\":\"P\u00e9pini\u00e8re fruiti\u00e8re d&#039;altitude en Is\u00e8re\",\"publisher\":{\"@id\":\"https:\\\/\\\/www.sylvefruit.fr\\\/pepiniere\\\/#organization\"},\"potentialAction\":[{\"@type\":\"SearchAction\",\"target\":{\"@type\":\"EntryPoint\",\"urlTemplate\":\"https:\\\/\\\/www.sylvefruit.fr\\\/pepiniere\\\/?s={search_term_string}\"},\"query-input\":{\"@type\":\"PropertyValueSpecification\",\"valueRequired\":true,\"valueName\":\"search_term_string\"}}],\"inLanguage\":\"fr-FR\"},{\"@type\":\"Organization\",\"@id\":\"https:\\\/\\\/www.sylvefruit.fr\\\/pepiniere\\\/#organization\",\"name\":\"Sylve & Fruit\",\"url\":\"https:\\\/\\\/www.sylvefruit.fr\\\/pepiniere\\\/\",\"logo\":{\"@type\":\"ImageObject\",\"inLanguage\":\"fr-FR\",\"@id\":\"https:\\\/\\\/www.sylvefruit.fr\\\/pepiniere\\\/#\\\/schema\\\/logo\\\/image\\\/\",\"url\":\"https:\\\/\\\/www.sylvefruit.fr\\\/pepiniere\\\/wp-content\\\/uploads\\\/2024\\\/09\\\/logo.jpg\",\"contentUrl\":\"https:\\\/\\\/www.sylvefruit.fr\\\/pepiniere\\\/wp-content\\\/uploads\\\/2024\\\/09\\\/logo.jpg\",\"width\":1420,\"height\":324,\"caption\":\"Sylve & Fruit\"},\"image\":{\"@id\":\"https:\\\/\\\/www.sylvefruit.fr\\\/pepiniere\\\/#\\\/schema\\\/logo\\\/image\\\/\"},\"sameAs\":[\"https:\\\/\\\/www.facebook.com\\\/sylvefruit\\\/\"]}]}<\/script>\n<!-- \/ Yoast SEO plugin. -->","yoast_head_json":{"title":"Pommier &#8212; Sylve &amp; Fruit","description":"Retrouvez toutes nos vari\u00e9t\u00e9s de pommiers, majoritairement \u00e0 floraison tardive, adapt\u00e9s pour une culture en moyenne montagne.","robots":{"index":"index","follow":"follow","max-snippet":"max-snippet:-1","max-image-preview":"max-image-preview:large","max-video-preview":"max-video-preview:-1"},"canonical":"https:\/\/www.sylvefruit.fr\/pepiniere\/categorie-produit\/arbres-fruitiers\/pommier\/","og_locale":"fr_FR","og_type":"article","og_title":"Pommier &#8212; Sylve &amp; Fruit","og_description":"Retrouvez toutes nos vari\u00e9t\u00e9s de pommiers, majoritairement \u00e0 floraison tardive, adapt\u00e9s pour une culture en moyenne montagne.","og_url":"https:\/\/www.sylvefruit.fr\/pepiniere\/categorie-produit\/arbres-fruitiers\/pommier\/","og_site_name":"Sylve &amp; Fruit","twitter_card":"summary_large_image","schema":{"@context":"https:\/\/schema.org","@graph":[{"@type":"CollectionPage","@id":"https:\/\/www.sylvefruit.fr\/pepiniere\/categorie-produit\/arbres-fruitiers\/pommier\/","url":"https:\/\/www.sylvefruit.fr\/pepiniere\/categorie-produit\/arbres-fruitiers\/pommier\/","name":"Pommier &#8212; Sylve &amp; Fruit","isPartOf":{"@id":"https:\/\/www.sylvefruit.fr\/pepiniere\/#website"},"description":"Retrouvez toutes nos vari\u00e9t\u00e9s de pommiers, majoritairement \u00e0 floraison tardive, adapt\u00e9s pour une culture en moyenne montagne.","breadcrumb":{"@id":"https:\/\/www.sylvefruit.fr\/pepiniere\/categorie-produit\/arbres-fruitiers\/pommier\/#breadcrumb"},"inLanguage":"fr-FR"},{"@type":"BreadcrumbList","@id":"https:\/\/www.sylvefruit.fr\/pepiniere\/categorie-produit\/arbres-fruitiers\/pommier\/#breadcrumb","itemListElement":[{"@type":"ListItem","position":1,"name":"Accueil","item":"https:\/\/www.sylvefruit.fr\/pepiniere\/"},{"@type":"ListItem","position":2,"name":"Arbres fruitiers","item":"https:\/\/www.sylvefruit.fr\/pepiniere\/categorie-produit\/arbres-fruitiers\/"},{"@type":"ListItem","position":3,"name":"Pommier"}]},{"@type":"WebSite","@id":"https:\/\/www.sylvefruit.fr\/pepiniere\/#website","url":"https:\/\/www.sylvefruit.fr\/pepiniere\/","name":"Sylve & Fruit","description":"P\u00e9pini\u00e8re fruiti\u00e8re d&#039;altitude en Is\u00e8re","publisher":{"@id":"https:\/\/www.sylvefruit.fr\/pepiniere\/#organization"},"potentialAction":[{"@type":"SearchAction","target":{"@type":"EntryPoint","urlTemplate":"https:\/\/www.sylvefruit.fr\/pepiniere\/?s={search_term_string}"},"query-input":{"@type":"PropertyValueSpecification","valueRequired":true,"valueName":"search_term_string"}}],"inLanguage":"fr-FR"},{"@type":"Organization","@id":"https:\/\/www.sylvefruit.fr\/pepiniere\/#organization","name":"Sylve & Fruit","url":"https:\/\/www.sylvefruit.fr\/pepiniere\/","logo":{"@type":"ImageObject","inLanguage":"fr-FR","@id":"https:\/\/www.sylvefruit.fr\/pepiniere\/#\/schema\/logo\/image\/","url":"https:\/\/www.sylvefruit.fr\/pepiniere\/wp-content\/uploads\/2024\/09\/logo.jpg","contentUrl":"https:\/\/www.sylvefruit.fr\/pepiniere\/wp-content\/uploads\/2024\/09\/logo.jpg","width":1420,"height":324,"caption":"Sylve & Fruit"},"image":{"@id":"https:\/\/www.sylvefruit.fr\/pepiniere\/#\/schema\/logo\/image\/"},"sameAs":["https:\/\/www.facebook.com\/sylvefruit\/"]}]}},"_links":{"self":[{"href":"https:\/\/www.sylvefruit.fr\/pepiniere\/wp-json\/wp\/v2\/product_cat\/4514","targetHints":{"allow":["GET"]}}],"collection":[{"href":"https:\/\/www.sylvefruit.fr\/pepiniere\/wp-json\/wp\/v2\/product_cat"}],"about":[{"href":"https:\/\/www.sylvefruit.fr\/pepiniere\/wp-json\/wp\/v2\/taxonomies\/product_cat"}],"up":[{"embeddable":true,"href":"https:\/\/www.sylvefruit.fr\/pepiniere\/wp-json\/wp\/v2\/product_cat\/4500"}],"wp:post_type":[{"href":"https:\/\/www.sylvefruit.fr\/pepiniere\/wp-json\/wp\/v2\/product?product_cat=4514"}],"curies":[{"name":"wp","href":"https:\/\/api.w.org\/{rel}","templated":true}]}}